{"id":141,"date":"2013-01-13T15:12:44","date_gmt":"2013-01-13T15:12:44","guid":{"rendered":"https:\/\/wp.rhythms-of-resistance.org\/?p=141"},"modified":"2019-09-09T12:20:19","modified_gmt":"2019-09-09T12:20:19","slug":"magdeburg-antinazi-blockades-2013","status":"publish","type":"post","link":"https:\/\/www.rhythms-of-resistance.org\/cs\/2013\/01\/13\/magdeburg-antinazi-blockades-2013\/","title":{"rendered":"Magdeburg antinazi blockades 2013"},"content":{"rendered":"<p class=\"qtranxs-available-languages-message qtranxs-available-languages-message-cs\">Omlouv\u00e1me se, tato polo\u017eka je k dispozici pouze v <a href=\"https:\/\/www.rhythms-of-resistance.org\/en\/wp-json\/wp\/v2\/posts\/141\" class=\"qtranxs-available-language-link qtranxs-available-language-link-en\" title=\"English\">English<\/a> a <a href=\"https:\/\/www.rhythms-of-resistance.org\/fr\/wp-json\/wp\/v2\/posts\/141\" class=\"qtranxs-available-language-link qtranxs-available-language-link-fr\" title=\"Fran\u00e7ais\">Fran\u00e7ais<\/a>.<\/p><p><\/p>\n<h3 class=\"spip\">Samba everywhere, nazis raus!<\/h3>\n<p>RoR was in Magdeburg (Germany) for the antinazi blockades on the 12th of January 2013.<\/p>\n<p>Some\u00a0<a class=\"spip_out\" href=\"https:\/\/secure.flickr.com\/photos\/pm_cheung\/sets\/72157632501945493\/\" rel=\"external\">pictures of the day<\/a>.<\/p>\n<p>A developed strategy and capacity for adapting to very dynamic situations that we experienced that day, have shown that not in vain we have been doing the same shit for 12 years, and we are good at it!<\/p>\n<p>The nazis will come back next year, so will we.<\/p>","protected":false},"excerpt":{"rendered":"<p>Omlouv\u00e1me se, tato polo\u017eka je k dispozici pouze v English a Fran\u00e7ais. Samba everywhere, nazis raus! RoR was in Magdeburg (Germany) for the antinazi blockades on the 12th of January 2013. Some\u00a0pictures of the day. A developed strategy and capacity for adapting to very dynamic situations that we experienced that day, have shown that not &hellip; <a href=\"https:\/\/www.rhythms-of-resistance.org\/cs\/2013\/01\/13\/magdeburg-antinazi-blockades-2013\/\" class=\"more-link\">Pokra\u010dovat ve \u010dten\u00ed<span class=\"screen-reader-text\"> &#8222;Magdeburg antinazi blockades 2013&#8220;<\/span><\/a><\/p>\n","protected":false},"author":2,"featured_media":0,"comment_status":"open","ping_status":"open","sticky":false,"template":"","format":"standard","meta":{"footnotes":""},"categories":[1],"tags":[],"class_list":["post-141","post","type-post","status-publish","format-standard","hentry","category-uncategorized"],"_links":{"self":[{"href":"https:\/\/www.rhythms-of-resistance.org\/cs\/wp-json\/wp\/v2\/posts\/141"}],"collection":[{"href":"https:\/\/www.rhythms-of-resistance.org\/cs\/wp-json\/wp\/v2\/posts"}],"about":[{"href":"https:\/\/www.rhythms-of-resistance.org\/cs\/wp-json\/wp\/v2\/types\/post"}],"author":[{"embeddable":true,"href":"https:\/\/www.rhythms-of-resistance.org\/cs\/wp-json\/wp\/v2\/users\/2"}],"replies":[{"embeddable":true,"href":"https:\/\/www.rhythms-of-resistance.org\/cs\/wp-json\/wp\/v2\/comments?post=141"}],"version-history":[{"count":2,"href":"https:\/\/www.rhythms-of-resistance.org\/cs\/wp-json\/wp\/v2\/posts\/141\/revisions"}],"predecessor-version":[{"id":486,"href":"https:\/\/www.rhythms-of-resistance.org\/cs\/wp-json\/wp\/v2\/posts\/141\/revisions\/486"}],"wp:attachment":[{"href":"https:\/\/www.rhythms-of-resistance.org\/cs\/wp-json\/wp\/v2\/media?parent=141"}],"wp:term":[{"taxonomy":"category","embeddable":true,"href":"https:\/\/www.rhythms-of-resistance.org\/cs\/wp-json\/wp\/v2\/categories?post=141"},{"taxonomy":"post_tag","embeddable":true,"href":"https:\/\/www.rhythms-of-resistance.org\/cs\/wp-json\/wp\/v2\/tags?post=141"}],"curies":[{"name":"wp","href":"https:\/\/api.w.org\/{rel}","templated":true}]}}