{"id":616,"date":"2020-04-29T13:53:47","date_gmt":"2020-04-29T13:53:47","guid":{"rendered":"https:\/\/www.rhythms-of-resistance.org\/?p=616"},"modified":"2024-08-22T08:08:49","modified_gmt":"2024-08-22T08:08:49","slug":"mrcc-bremen-protest-and-video-streaming","status":"publish","type":"post","link":"https:\/\/www.rhythms-of-resistance.org\/cs\/2020\/04\/29\/mrcc-bremen-protest-and-video-streaming\/","title":{"rendered":"MRCC Bremen protest and video streaming"},"content":{"rendered":"<p class=\"qtranxs-available-languages-message qtranxs-available-languages-message-cs\">Omlouv\u00e1me se, tato polo\u017eka je k dispozici pouze v <a href=\"https:\/\/www.rhythms-of-resistance.org\/en\/wp-json\/wp\/v2\/posts\/616\" class=\"qtranxs-available-language-link qtranxs-available-language-link-en\" title=\"English\">English<\/a> a <a href=\"https:\/\/www.rhythms-of-resistance.org\/de\/wp-json\/wp\/v2\/posts\/616\" class=\"qtranxs-available-language-link qtranxs-available-language-link-de\" title=\"Deutsch\">Deutsch<\/a>.<\/p><p><span style=\"font-family: DejaVu Sans, sans-serif;\"><span style=\"font-size: medium;\">Last weekend (2020-04-25), Alarm phone, Seebruecke (sea bridge) and RoR Bremen have come together for a short protest action in front of Bremen Maritime Rescue Coordination Centre.<\/span><\/span><\/p>\n<p class=\"western\"><span style=\"font-family: DejaVu Sans, sans-serif;\"><span style=\"font-size: medium;\">During the action, we have been observant of &#8222;corona&#8220; social distancing regulations given by Bremen public order office: Wearing masks (not a bad thing for an activist ;)) and keeping 2 m distance, not exchanging items (meaning, also not exchanging instruments\/whistles).<\/span><\/span> <span style=\"font-family: DejaVu Sans, sans-serif;\"><span style=\"font-size: medium;\">All together, we were about 25 people &#8211; including 2 banner carriers, 1 person giving a speech, 2 filming crew, people from the other groups and spectators. <\/span><\/span> <span style=\"font-family: DejaVu Sans, sans-serif;\"><span style=\"font-size: medium;\">We played for approx. 1 hour on Saturday afternoon and it was very nice to play together again.<\/span><\/span><\/p>\n<p><span style=\"font-family: DejaVu Sans, sans-serif;\"><span style=\"font-size: medium;\">Beforehand we had agreed that this<\/span><\/span> <span style=\"font-family: DejaVu Sans, sans-serif;\"><span style=\"font-size: medium;\">demo should be 100% legal, so we announced it to the &#8222;authorities&#8220;. Consequently, there were 5 (!) cop cars. Obviously we were being taken seriously. Also, one person overheard a cop explaining our protest to a passer-by. Nice side-effect \ud83d\ude09<\/span><\/span><\/p>\n<p><span style=\"font-family: DejaVu Sans, sans-serif;\"><span style=\"font-size: medium;\">Some cops (especially one He-Man of a cop) were acting a bit more aggressive<\/span><\/span> <span style=\"font-family: DejaVu Sans, sans-serif;\"><span style=\"font-size: medium;\">than others but all in all we had a <\/span><\/span><span style=\"font-family: DejaVu Sans, sans-serif;\"><span style=\"font-size: medium;\">rather <\/span><\/span><span style=\"font-family: DejaVu Sans, sans-serif;\"><span style=\"font-size: medium;\">peaceful afternoon.<\/span><\/span><\/p>\n<p><span style=\"font-family: DejaVu Sans, sans-serif;\"><span style=\"font-size: medium;\">Having to limit the protest &#8211; due to &#8222;corona&#8220; regulations &#8211; to a short duration and few people, we wanted to spread the message as widely as possible. So print and online press were contacted, social media were employed. <\/span><\/span><span style=\"font-family: DejaVu Sans, sans-serif;\"><span style=\"font-size: medium;\">Anne Frisius, a short film director who also does other <\/span><\/span><span style=\"font-family: DejaVu Sans, sans-serif;\"><span style=\"font-size: medium;\">great <\/span><\/span><span style=\"font-family: DejaVu Sans, sans-serif;\"><span style=\"font-size: medium;\">political stuff, kindly recorded the protest and the video is now streaming: <\/span><\/span><\/p>\n\n<!-- iframe plugin v.6.0 wordpress.org\/plugins\/iframe\/ -->\n<iframe loading=\"lazy\" width=\"100%\" height=\"400\" src=\"https:\/\/tube.rhythms-of-resistance.org\/videos\/embed\/fde3c256-d9b0-4dd3-b081-e269aee80cfa\" scrolling=\"yes\" class=\"iframe-class\" frameborder=\"0\"><\/iframe>\n\n<p><span style=\"font-family: DejaVu Sans, sans-serif;\"><span style=\"font-size: medium;\">Stay strong! Love &amp; rage!!<\/span><\/span><\/p>\n<p><span style=\"font-family: DejaVu Sans, sans-serif;\"><span style=\"font-size: medium;\">RoR Bremen<\/span><\/span><\/p>","protected":false},"excerpt":{"rendered":"<p>Omlouv\u00e1me se, tato polo\u017eka je k dispozici pouze v English a Deutsch.Last weekend (2020-04-25), Alarm phone, Seebruecke (sea bridge) and RoR Bremen have come together for a short protest action in front of Bremen Maritime Rescue Coordination Centre. During the action, we have been observant of &#8222;corona&#8220; social distancing regulations given by Bremen public order &hellip; <a href=\"https:\/\/www.rhythms-of-resistance.org\/cs\/2020\/04\/29\/mrcc-bremen-protest-and-video-streaming\/\" class=\"more-link\">Pokra\u010dovat ve \u010dten\u00ed<span class=\"screen-reader-text\"> &#8222;MRCC Bremen protest and video streaming&#8220;<\/span><\/a><\/p>\n","protected":false},"author":2,"featured_media":0,"comment_status":"closed","ping_status":"open","sticky":false,"template":"","format":"standard","meta":{"footnotes":""},"categories":[1],"tags":[],"class_list":["post-616","post","type-post","status-publish","format-standard","hentry","category-uncategorized"],"_links":{"self":[{"href":"https:\/\/www.rhythms-of-resistance.org\/cs\/wp-json\/wp\/v2\/posts\/616"}],"collection":[{"href":"https:\/\/www.rhythms-of-resistance.org\/cs\/wp-json\/wp\/v2\/posts"}],"about":[{"href":"https:\/\/www.rhythms-of-resistance.org\/cs\/wp-json\/wp\/v2\/types\/post"}],"author":[{"embeddable":true,"href":"https:\/\/www.rhythms-of-resistance.org\/cs\/wp-json\/wp\/v2\/users\/2"}],"replies":[{"embeddable":true,"href":"https:\/\/www.rhythms-of-resistance.org\/cs\/wp-json\/wp\/v2\/comments?post=616"}],"version-history":[{"count":2,"href":"https:\/\/www.rhythms-of-resistance.org\/cs\/wp-json\/wp\/v2\/posts\/616\/revisions"}],"predecessor-version":[{"id":870,"href":"https:\/\/www.rhythms-of-resistance.org\/cs\/wp-json\/wp\/v2\/posts\/616\/revisions\/870"}],"wp:attachment":[{"href":"https:\/\/www.rhythms-of-resistance.org\/cs\/wp-json\/wp\/v2\/media?parent=616"}],"wp:term":[{"taxonomy":"category","embeddable":true,"href":"https:\/\/www.rhythms-of-resistance.org\/cs\/wp-json\/wp\/v2\/categories?post=616"},{"taxonomy":"post_tag","embeddable":true,"href":"https:\/\/www.rhythms-of-resistance.org\/cs\/wp-json\/wp\/v2\/tags?post=616"}],"curies":[{"name":"wp","href":"https:\/\/api.w.org\/{rel}","templated":true}]}}